{"id":6125,"date":"2026-05-14T09:55:36","date_gmt":"2026-05-14T09:55:36","guid":{"rendered":"https:\/\/www.embalafacil.es\/?p=6125"},"modified":"2026-09-01T23:06:22","modified_gmt":"2026-09-01T23:06:22","slug":"h1-vi-soker-medarbetare-med-stort-engagemang-till","status":"publish","type":"post","link":"https:\/\/www.embalafacil.es\/?p=6125","title":{"rendered":"<h1>Vi s\u00f6ker medarbetare med stort engagemang till RB Glas &#038; Plast<\/h1>"},"content":{"rendered":"<div class=\"toc\" style=\"display:table; margin-bottom:1em; padding:1em; width:360px;\">\n<p style=\"font-weight:bold;text-align: center;\">Contents<\/p>\n<ul>\n<li><a href=\"#f-lj-arbetet-i-riksdagen\">F\u00f6lj arbetet i riksdagen<\/a>\n<ul>\n<li><a href=\"#fler-f-retag-inom-huvudkontor\">Fler f\u00f6retag inom Huvudkontor<\/a><\/li>\n<\/ul>\n<\/li>\n<li><a href=\"#allt-glasklart-om-glasm-sterier\">Allt glasklart om glasm\u00e4sterier<\/a>\n<ul>\n<li><a href=\"#karta-och-v-gbeskrivning-till-rb-glas-plast-i-partille\">Karta och v\u00e4gbeskrivning till RB Glas &amp; Plast i Partille<\/a><\/li>\n<li><a href=\"#r-du-f-retagare\">\u00c4r du f\u00f6retagare?<\/a><\/li>\n<\/ul>\n<\/li>\n<li><a href=\"#byggkatalogen\">Byggkatalogen<\/a><\/li>\n<\/ul>\n<\/div>\n<p>F&#xF6;r dig som &#xE4;r intresserad av bostadsomr&#xE5;den och fastigheter finns ocks&#xE5; information kopplad till adresser och omr&#xE5;den i Sverige. Informationen ger en tydlig &#xF6;verblick &#xF6;ver f&#xF6;retag, deras organisation och ekonomiska uppgifter. Med v&#xE5;r enkla s&#xF6;kfunktion kan du enkelt s&#xF6;ka dig fram f&#xF6;r att exempelvis hitta f&#xF6;retag\/privatpersoner p&#xE5; en viss plats, postadresser, v&#xE4;gbeskrivningar till olika resm&#xE5;l etc.<\/p>\n<h2 id=\"f-lj-arbetet-i-riksdagen\">F&#xF6;lj arbetet i riksdagen<\/h2>\n<p>H&#xE4;r kan du hitta glasklar fakta och information om glasm&#xE4;sterier men ocks&#xE5; en del kul och lustiga saker g&#xE4;llande glasm&#xE4;stare och glasrutor. V&#xE5;r ambition &#xE4;r att g&#xF6;ra det enkelt att hitta r&#xE4;tt uppgifter &#x2013; oavsett om du s&#xF6;ker via mobil, surfplatta eller dator. Tj&#xE4;nsten anv&#xE4;nds dagligen av privatpersoner, f&#xF6;retag och organisationer som beh&#xF6;ver snabb tillg&#xE5;ng till kontaktuppgifter, bolagsdata och lokal information. H&#xE4;r kan du exempelvis hitta &#xE5;rsredovisningar, finansiell information och uppgifter om styrelsemedlemmar och andra personer med roller i svenska f&#xF6;retag. P&#xE5; Hitta.se kan du &#xE4;ven ta del av mer f&#xF6;rdjupad f&#xF6;retagsinformation. Oavsett vilken tj&#xE4;nst du passar f&#xF6;r, s&#xE5; &#xE4;r arbetet till stor del manuellt och fysiskt.I det dagliga arbetet bidrar du &#xE4;ven till f&#xF6;retagets ambition om vardagliga f&#xF6;rb&#xE4;ttringar i verksamheten samt st&#xF6;djer och deltar aktivt i f&#xF6;rb&#xE4;ttringsarbete.KvalifikationerVi ser det som mycket meriterande om du har tidigare erfarenhet fr&#xE5;n tillverkande industri men l&#xE4;gger st&#xF6;rst vikt till att du passar in i v&#xE5;r arbetsgrupp.<\/p>\n<h3 id=\"fler-f-retag-inom-huvudkontor\">Fler f&#xF6;retag inom Huvudkontor<\/h3>\n<p>Vi hj&#xE4;lper ca 4 miljoner unika bes&#xF6;kare i veckan med sina s&#xF6;kningar, helt gratis. RB Glas &amp; Plast AB ing&#xE5;r i Glasgruppen som best&#xE5;r av Sveriges tre &#xE4;ldsta och mest v&#xE4;lrenommerade glasgrossistf&#xF6;retag.ArbetsbeskrivningSom Operat&#xF6;r p&#xE5; RB Glas &amp; Plast utf&#xF6;r du i produktionen eller p&#xE5; lagret vanligen f&#xF6;rekommande arbetsuppgifter enligt givna standarder och rutiner. Vill du ha ett personligt svar via mail s&#xE5; uppger du din e-postadress. St&#xE4;ll en fr&#xE5;ga till valfri expert eller skicka en generell fr&#xE5;ga till redaktionen. H&#xE4;r finns fullst&#xE4;ndiga kontaktuppgifter, karta och &#xF6;ppettider.Vad &#xE4;r adressen till RB Glas &amp; Plast?<\/p>\n<h2 id=\"allt-glasklart-om-glasm-sterier\">Allt glasklart om glasm&#xE4;sterier<\/h2>\n<p>Vi saknar f&#xF6;r tillf&#xE4;llet registrerade &#xF6;ppettider f&#xF6;r RB Glas &amp; Plast i Partille. RB Glas &amp; Plast &#xE4;r verksamt inom Huvudkontor, och betj&#xE4;nar kunder i Partille, V&#xE4;stra G&#xF6;taland med omnejd. H&#xE4;r hittar du fullst&#xE4;ndiga kontaktuppgifter, karta och v&#xE4;gbeskrivning. D&#xE5; det f&#xF6;rekommer m&#xE5;nga som h&#xE5;ller med byta av glas i G&#xF6;teborg liknande RB Glas &amp; Plast kan det vara klokt att kontrollera olika alternativa glasm&#xE4;sterier och &#xE4;ven f&#xF6;rs&#xF6;ka hitta vem som &#xE4;r b&#xE4;st p&#xE5; glasrutor. D&#xE5; b&#xE5;de pris p&#xE5; glasm&#xE4;steritj&#xE4;nster och inriktningen hos glasm&#xE4;starna kan variera &#xE4;r det kan vara bra att kolla med andra glasm&#xE4;stare n&#xE4;r du ska ers&#xE4;tta en trasig glasruta i G&#xF6;teborg eller p&#xE5; orter i V&#xE4;stra G&#xF6;taland. RB Glas &amp; Plast &#xE4;r eller glasm&#xE4;steri av sammanlagt 41 som erbjuder skickliga glasm&#xE4;stare i G&#xF6;teborg.<\/p>\n<h3 id=\"karta-och-v-gbeskrivning-till-rb-glas-plast-i-partille\">Karta och v&#xE4;gbeskrivning till RB Glas &amp; Plast i Partille<\/h3>\n<p>V&#xE4;lkommen till riksdagens egen kunskapsk&#xE4;lla, en del av demokratin och &#xF6;ppet f&#xF6;r alla. H&#xE4;r finns information f&#xF6;r dig som &#xE4;r journalist eller fotograf. Det &#xE4;r riksdagen som beslutar om nya lagar och lag&#xE4;ndringar. Tisdagen den 29 september &#xF6;ppnar riksdagen igen.<\/p>\n<h3 id=\"r-du-f-retagare\">&#xC4;r du f&#xF6;retagare?<\/h3>\n<ul>\n<li>Vill du ha ett personligt svar via mail s&#xE5; uppger du din e-postadress.<\/li>\n<li>H&#xE4;r hittar du fullst&#xE4;ndiga kontaktuppgifter, karta och v&#xE4;gbeskrivning.<\/li>\n<li>RB Glas &amp; Plast &#xE4;r eller glasm&#xE4;steri av sammanlagt 41 som erbjuder skickliga glasm&#xE4;stare i G&#xF6;teborg.<\/li>\n<li>D&#xE5; b&#xE5;de pris p&#xE5; glasm&#xE4;steritj&#xE4;nster och inriktningen hos glasm&#xE4;starna kan variera &#xE4;r det kan vara bra att kolla med andra glasm&#xE4;stare n&#xE4;r du ska ers&#xE4;tta en trasig glasruta i G&#xF6;teborg eller p&#xE5; orter i V&#xE4;stra G&#xF6;taland.<\/li>\n<\/ul>\n<p>Alla sparade produkter, f&#xF6;retag, j&#xE4;mf&#xF6;relser och anteckningar som finns i projektet <a href=\"https:\/\/rbglasplast.se\/\">rbglasplast.se<\/a> kommer tas bort. F&#xF6;r fr&#xE5;gor g&#xE4;llande deltagande och inf&#xF6;rande i Byggkatalogen Kontakta Byggkatalogen F&#xF6;r fr&#xE5;gor r&#xF6;rande deltagande och annonsering i Byggkatalogen<\/p>\n<p>Kontakta oss g&#xE4;rna p&#xE5; om problemet kvarst&#xE5;r, s&#xE5; hj&#xE4;lper vi dig! N&#xE4;r du &#xE4;r p&#xE5; jakt efter en ny glasruta till f&#xF6;nstret eller bilen &#xE4;r det bra om du har en uppfattning vad du letar efter och att du j&#xE4;mf&#xF6;r flera glasm&#xE4;sterier. Vi f&#xF6;rklarar saker utan att kr&#xE5;ngla till det s&#xE5; att vi tillsammans hittar den l&#xF6;sning som passar dig b&#xE4;st. Vill du n&#xE5; fler kunder men tycker att marknadsf&#xF6;ring &#xE4;r sv&#xE5;rt, eller hinner du bara inte? Eniro kopplar ihop dig med lokala f&#xF6;retag och erbjuder en plattform f&#xF6;r dig att utforska restauranger, butiker och tj&#xE4;nster som elektriker eller r&#xF6;rmokare. Genom &#xF6;ppna data kan alla som vill fritt anv&#xE4;nda inneh&#xE5;llet i riksdagens databaser.<\/p>\n<p>Nio ledam&#xF6;ter sitter i riksdagen utan partibeteckning. &#xC5;tta partier finns representerade i riksdagen under valperioden 2022&#x2013;2026. I utskotten f&#xF6;rbereder ledam&#xF6;terna de beslut som riksdagen fattar. Ta del av f&#xF6;rslag, beslut och aktuella h&#xE4;ndelser fr&#xE5;n riksdagen.<\/p>\n","protected":false},"excerpt":{"rendered":"<p>Contents F\u00f6lj arbetet i riksdagen Fler f\u00f6retag inom Huvudkontor Allt glasklart om glasm\u00e4sterier Karta och v\u00e4gbeskrivning till RB Glas &amp; Plast i Partille \u00c4r du f\u00f6retagare? Byggkatalogen F&#xF6;r dig som &#xE4;r intresserad av bostadsomr&#xE5;den och fastigheter finns ocks&#xE5; information kopplad till adresser och omr&#xE5;den i Sverige. Informationen ger en tydlig &#xF6;verblick &#xF6;ver f&#xF6;retag, deras organisation [&hellip;]<\/p>\n","protected":false},"author":1,"featured_media":0,"comment_status":"open","ping_status":"open","sticky":false,"template":"","format":"standard","meta":{"footnotes":""},"categories":[331],"tags":[],"class_list":["post-6125","post","type-post","status-publish","format-standard","hentry","category-rbglasplast-se"],"yoast_head":"<!-- This site is optimized with the Yoast SEO plugin v24.9 - https:\/\/yoast.com\/wordpress\/plugins\/seo\/ -->\n<title>Vi s\u00f6ker medarbetare med stort engagemang till RB Glas &amp; Plast - Cajas<\/title>\n<meta name=\"robots\" content=\"index, follow, max-snippet:-1, max-image-preview:large, max-video-preview:-1\" \/>\n<link rel=\"canonical\" href=\"https:\/\/www.embalafacil.es\/?p=6125\" \/>\n<meta property=\"og:locale\" content=\"es_ES\" \/>\n<meta property=\"og:type\" content=\"article\" \/>\n<meta property=\"og:title\" content=\"Vi s\u00f6ker medarbetare med stort engagemang till RB Glas &amp; Plast - Cajas\" \/>\n<meta property=\"og:description\" content=\"Contents F\u00f6lj arbetet i riksdagen Fler f\u00f6retag inom Huvudkontor Allt glasklart om glasm\u00e4sterier Karta och v\u00e4gbeskrivning till RB Glas &amp; Plast i Partille \u00c4r du f\u00f6retagare? Byggkatalogen F&#xF6;r dig som &#xE4;r intresserad av bostadsomr&#xE5;den och fastigheter finns ocks&#xE5; information kopplad till adresser och omr&#xE5;den i Sverige. Informationen ger en tydlig &#xF6;verblick &#xF6;ver f&#xF6;retag, deras organisation [&hellip;]\" \/>\n<meta property=\"og:url\" content=\"https:\/\/www.embalafacil.es\/?p=6125\" \/>\n<meta property=\"og:site_name\" content=\"Cajas\" \/>\n<meta property=\"article:published_time\" content=\"2026-05-14T09:55:36+00:00\" \/>\n<meta property=\"article:modified_time\" content=\"2026-09-01T23:06:22+00:00\" \/>\n<meta name=\"author\" content=\"admin\" \/>\n<meta name=\"twitter:card\" content=\"summary_large_image\" \/>\n<meta name=\"twitter:label1\" content=\"Escrito por\" \/>\n\t<meta name=\"twitter:data1\" content=\"admin\" \/>\n\t<meta name=\"twitter:label2\" content=\"Tiempo de lectura\" \/>\n\t<meta name=\"twitter:data2\" content=\"6 minutos\" \/>\n<script type=\"application\/ld+json\" class=\"yoast-schema-graph\">{\"@context\":\"https:\/\/schema.org\",\"@graph\":[{\"@type\":\"WebPage\",\"@id\":\"https:\/\/www.embalafacil.es\/?p=6125\",\"url\":\"https:\/\/www.embalafacil.es\/?p=6125\",\"name\":\"Vi s\u00f6ker medarbetare med stort engagemang till RB Glas & Plast - Cajas\",\"isPartOf\":{\"@id\":\"https:\/\/www.embalafacil.es\/#website\"},\"datePublished\":\"2026-05-14T09:55:36+00:00\",\"dateModified\":\"2026-09-01T23:06:22+00:00\",\"author\":{\"@id\":\"https:\/\/www.embalafacil.es\/#\/schema\/person\/94a1e487f5fa71ff05d5123df7226559\"},\"breadcrumb\":{\"@id\":\"https:\/\/www.embalafacil.es\/?p=6125#breadcrumb\"},\"inLanguage\":\"es\",\"potentialAction\":[{\"@type\":\"ReadAction\",\"target\":[\"https:\/\/www.embalafacil.es\/?p=6125\"]}]},{\"@type\":\"BreadcrumbList\",\"@id\":\"https:\/\/www.embalafacil.es\/?p=6125#breadcrumb\",\"itemListElement\":[{\"@type\":\"ListItem\",\"position\":1,\"name\":\"Portada\",\"item\":\"https:\/\/www.embalafacil.es\/\"},{\"@type\":\"ListItem\",\"position\":2,\"name\":\"Vi s\u00f6ker medarbetare med stort engagemang till RB Glas &#038; Plast\"}]},{\"@type\":\"WebSite\",\"@id\":\"https:\/\/www.embalafacil.es\/#website\",\"url\":\"https:\/\/www.embalafacil.es\/\",\"name\":\"Cajas\",\"description\":\"Cartonajes y servicios de packaging\",\"potentialAction\":[{\"@type\":\"SearchAction\",\"target\":{\"@type\":\"EntryPoint\",\"urlTemplate\":\"https:\/\/www.embalafacil.es\/?s={search_term_string}\"},\"query-input\":{\"@type\":\"PropertyValueSpecification\",\"valueRequired\":true,\"valueName\":\"search_term_string\"}}],\"inLanguage\":\"es\"},{\"@type\":\"Person\",\"@id\":\"https:\/\/www.embalafacil.es\/#\/schema\/person\/94a1e487f5fa71ff05d5123df7226559\",\"name\":\"admin\",\"image\":{\"@type\":\"ImageObject\",\"inLanguage\":\"es\",\"@id\":\"https:\/\/www.embalafacil.es\/#\/schema\/person\/image\/\",\"url\":\"https:\/\/secure.gravatar.com\/avatar\/fa2f4315073165006c484758b7757091fc81d7061ae785a5c6ad1759a5f10c32?s=96&d=mm&r=g\",\"contentUrl\":\"https:\/\/secure.gravatar.com\/avatar\/fa2f4315073165006c484758b7757091fc81d7061ae785a5c6ad1759a5f10c32?s=96&d=mm&r=g\",\"caption\":\"admin\"},\"sameAs\":[\"https:\/\/embalafacil.es\"],\"url\":\"https:\/\/www.embalafacil.es\/?author=1\"}]}<\/script>\n<!-- \/ Yoast SEO plugin. -->","yoast_head_json":{"title":"Vi s\u00f6ker medarbetare med stort engagemang till RB Glas & Plast - Cajas","robots":{"index":"index","follow":"follow","max-snippet":"max-snippet:-1","max-image-preview":"max-image-preview:large","max-video-preview":"max-video-preview:-1"},"canonical":"https:\/\/www.embalafacil.es\/?p=6125","og_locale":"es_ES","og_type":"article","og_title":"Vi s\u00f6ker medarbetare med stort engagemang till RB Glas & Plast - Cajas","og_description":"Contents F\u00f6lj arbetet i riksdagen Fler f\u00f6retag inom Huvudkontor Allt glasklart om glasm\u00e4sterier Karta och v\u00e4gbeskrivning till RB Glas &amp; Plast i Partille \u00c4r du f\u00f6retagare? Byggkatalogen F&#xF6;r dig som &#xE4;r intresserad av bostadsomr&#xE5;den och fastigheter finns ocks&#xE5; information kopplad till adresser och omr&#xE5;den i Sverige. Informationen ger en tydlig &#xF6;verblick &#xF6;ver f&#xF6;retag, deras organisation [&hellip;]","og_url":"https:\/\/www.embalafacil.es\/?p=6125","og_site_name":"Cajas","article_published_time":"2026-05-14T09:55:36+00:00","article_modified_time":"2026-09-01T23:06:22+00:00","author":"admin","twitter_card":"summary_large_image","twitter_misc":{"Escrito por":"admin","Tiempo de lectura":"6 minutos"},"schema":{"@context":"https:\/\/schema.org","@graph":[{"@type":"WebPage","@id":"https:\/\/www.embalafacil.es\/?p=6125","url":"https:\/\/www.embalafacil.es\/?p=6125","name":"Vi s\u00f6ker medarbetare med stort engagemang till RB Glas & Plast - Cajas","isPartOf":{"@id":"https:\/\/www.embalafacil.es\/#website"},"datePublished":"2026-05-14T09:55:36+00:00","dateModified":"2026-09-01T23:06:22+00:00","author":{"@id":"https:\/\/www.embalafacil.es\/#\/schema\/person\/94a1e487f5fa71ff05d5123df7226559"},"breadcrumb":{"@id":"https:\/\/www.embalafacil.es\/?p=6125#breadcrumb"},"inLanguage":"es","potentialAction":[{"@type":"ReadAction","target":["https:\/\/www.embalafacil.es\/?p=6125"]}]},{"@type":"BreadcrumbList","@id":"https:\/\/www.embalafacil.es\/?p=6125#breadcrumb","itemListElement":[{"@type":"ListItem","position":1,"name":"Portada","item":"https:\/\/www.embalafacil.es\/"},{"@type":"ListItem","position":2,"name":"Vi s\u00f6ker medarbetare med stort engagemang till RB Glas &#038; Plast"}]},{"@type":"WebSite","@id":"https:\/\/www.embalafacil.es\/#website","url":"https:\/\/www.embalafacil.es\/","name":"Cajas","description":"Cartonajes y servicios de packaging","potentialAction":[{"@type":"SearchAction","target":{"@type":"EntryPoint","urlTemplate":"https:\/\/www.embalafacil.es\/?s={search_term_string}"},"query-input":{"@type":"PropertyValueSpecification","valueRequired":true,"valueName":"search_term_string"}}],"inLanguage":"es"},{"@type":"Person","@id":"https:\/\/www.embalafacil.es\/#\/schema\/person\/94a1e487f5fa71ff05d5123df7226559","name":"admin","image":{"@type":"ImageObject","inLanguage":"es","@id":"https:\/\/www.embalafacil.es\/#\/schema\/person\/image\/","url":"https:\/\/secure.gravatar.com\/avatar\/fa2f4315073165006c484758b7757091fc81d7061ae785a5c6ad1759a5f10c32?s=96&d=mm&r=g","contentUrl":"https:\/\/secure.gravatar.com\/avatar\/fa2f4315073165006c484758b7757091fc81d7061ae785a5c6ad1759a5f10c32?s=96&d=mm&r=g","caption":"admin"},"sameAs":["https:\/\/embalafacil.es"],"url":"https:\/\/www.embalafacil.es\/?author=1"}]}},"_links":{"self":[{"href":"https:\/\/www.embalafacil.es\/index.php?rest_route=\/wp\/v2\/posts\/6125","targetHints":{"allow":["GET"]}}],"collection":[{"href":"https:\/\/www.embalafacil.es\/index.php?rest_route=\/wp\/v2\/posts"}],"about":[{"href":"https:\/\/www.embalafacil.es\/index.php?rest_route=\/wp\/v2\/types\/post"}],"author":[{"embeddable":true,"href":"https:\/\/www.embalafacil.es\/index.php?rest_route=\/wp\/v2\/users\/1"}],"replies":[{"embeddable":true,"href":"https:\/\/www.embalafacil.es\/index.php?rest_route=%2Fwp%2Fv2%2Fcomments&post=6125"}],"version-history":[{"count":1,"href":"https:\/\/www.embalafacil.es\/index.php?rest_route=\/wp\/v2\/posts\/6125\/revisions"}],"predecessor-version":[{"id":6126,"href":"https:\/\/www.embalafacil.es\/index.php?rest_route=\/wp\/v2\/posts\/6125\/revisions\/6126"}],"wp:attachment":[{"href":"https:\/\/www.embalafacil.es\/index.php?rest_route=%2Fwp%2Fv2%2Fmedia&parent=6125"}],"wp:term":[{"taxonomy":"category","embeddable":true,"href":"https:\/\/www.embalafacil.es\/index.php?rest_route=%2Fwp%2Fv2%2Fcategories&post=6125"},{"taxonomy":"post_tag","embeddable":true,"href":"https:\/\/www.embalafacil.es\/index.php?rest_route=%2Fwp%2Fv2%2Ftags&post=6125"}],"curies":[{"name":"wp","href":"https:\/\/api.w.org\/{rel}","templated":true}]}}